{"id":1570,"date":"2026-09-01T12:23:59","date_gmt":"2026-09-01T11:23:59","guid":{"rendered":"https:\/\/spanishwinterchampionship.com\/?post_type=newsarticle&#038;p=1570"},"modified":"2026-09-01T12:24:00","modified_gmt":"2026-09-01T11:24:00","slug":"spanish-winter-championship-presenta-el-calendario-2027-de-cara-a-su-tercera-temporada","status":"publish","type":"newsarticle","link":"https:\/\/spanishwinterchampionship.com\/es\/noticias\/spanish-winter-championship-presenta-el-calendario-2027-de-cara-a-su-tercera-temporada\/","title":{"rendered":"Spanish Winter Championship presenta el calendario 2027 de cara a su tercera temporada"},"content":{"rendered":"\n<p>El Campeonato de Espa\u00f1a de Invierno, promovido bajo el paraguas de EPIC Championships, se ha convertido en una parte integral de su ecosistema de monoplazas, ofreciendo a equipos y pilotos un valioso kilometraje competitivo durante los meses de invierno. Tras dos ediciones de crecimiento continuado, el campeonato afronta su tercera temporada con un formato ya consolidado, dise\u00f1ado para combinar preparaci\u00f3n, desarrollo y competici\u00f3n de cara a la temporada europea principal, con el respaldo de la Real Federaci\u00f3n Espa\u00f1ola de Automovilismo (RFEDA).<\/p>\n\n<p><p>La temporada 2027 arrancar\u00e1 en el <strong>Aut\u00f3dromo Internacional do Algarve los d\u00edas 12\u201314 de febrero<\/strong>, antes de trasladarse al <strong>Circuito de Madrid Jarama-RACE los d\u00edas 26\u201328 de febrero.<\/strong> La tercera y \u00faltima cita tendr\u00e1 lugar en <strong>MotorLand Arag\u00f3n los d\u00edas 12\u201314 de marzo<\/strong>.<\/p><\/p>\n\n<p>Cada evento seguir\u00e1 la siguiente estructura:<\/p>\n\n<ul class=\"wp-block-list\">\n<li><p><strong>1 test oficial previo en F4 (60 min) y 2 tests oficiales previos en E3 (40 min cada uno)<\/strong><\/p><\/li>\n\n\n\n<li><p><strong>2 sesiones de entrenamientos libres SOLO en F4 (30 minutos cada una)<\/strong><\/p><\/li>\n\n\n\n<li><p><strong>2 sesiones de clasificaci\u00f3n (20 minutos cada una)<\/strong><br data-mce-bogus=\"1\" \/><\/p><\/li>\n\n\n\n<li><p><strong>3 carreras:<\/strong><\/p>\n<ul class=\"wp-block-list\">\n<li><p><strong>Carrera 1 \u2013 30 minutos + 1 vuelta, seg\u00fan los resultados de Q1<\/strong><\/p><\/li>\n\n\n\n<li><p><strong>Carrera 2 \u2013 20 minutos + 1 vuelta, con parrilla invertida Top-12 seg\u00fan Q1<\/strong><\/p><\/li>\n\n\n\n<li><p><strong>Carrera 3 \u2013 30 minutos + 1 vuelta, seg\u00fan los resultados de Q2<\/strong><\/p><\/li>\n<\/ul>\n<\/li>\n<\/ul>\n\n<p><p dir=\"ltr\">La pole position otorga <strong>2 puntos<\/strong>, mientras que cada carrera concede<strong> 1 punto por la vuelta r\u00e1pida<\/strong>, garantizando as\u00ed una competici\u00f3n intensa en todas las sesiones del fin de semana.<\/p><\/p>\n\n<p><p>\u00abLlegar a nuestra tercera temporada demuestra la rapidez con la que el Campeonato de Espa\u00f1a de Invierno se ha consolidado como una parte importante del ecosistema de EPIC Championships\u00bb, declar\u00f3 Marco Rodr\u00edguez, Director General del Campeonato de Espa\u00f1a de Invierno. \u00abEl concepto ha demostrado su valor tanto para equipos como para pilotos, combinando tiempo de pista significativo con un entorno genuinamente competitivo en un momento clave del a\u00f1o. Nuestro objetivo para 2027 es seguir construyendo sobre esa base y ofrecer la mejor plataforma posible para preparar la temporada que se avecina\u00bb.<\/p><\/p>\n\n<h2 class=\"wp-block-heading\"><p dir=\"ltr\"><strong>Calendario del Campeonato de Espa\u00f1a de Invierno 2027*<\/strong><\/p><\/h2>\n\n<ul class=\"wp-block-list\">\n<li><p><strong>R1 \u2013 Aut\u00f3dromo Internacional do Algarve (12\u201314 de febrero de 2027)<\/strong><\/p><\/li>\n\n\n\n<li><p><strong>R2 \u2013 Circuito de Madrid Jarama-RACE (26\u201328 de febrero de 2027)<\/strong><\/p><\/li>\n\n\n\n<li><p><strong>R3 \u2013 MotorLand Arag\u00f3n (12\u201314 de marzo de 2027)<\/strong><\/p><p dir=\"ltr\"><br data-mce-bogus=\"1\" \/><\/p><\/li>\n<\/ul>\n\n<p>*Pendiente de aprobaci\u00f3n definitiva por parte de la RFEDA<\/p>\n\n<p><\/p>\n","protected":false},"featured_media":1551,"menu_order":0,"template":"","format":"standard","categories":[],"tags":[75,78,77,28,76],"season":[],"class_list":["post-1570","newsarticle","type-newsarticle","status-publish","format-standard","has-post-thumbnail","hentry","tag-calendario","tag-jarama-es","tag-motorland-es","tag-portimao-es","tag-temporada-2027"],"acf":[],"yoast_head":"<!-- This site is optimized with the Yoast SEO plugin v26.2 - https:\/\/yoast.com\/wordpress\/plugins\/seo\/ -->\n<title>Spanish Winter Championship Calendario 2027<\/title>\n<meta name=\"description\" content=\"Tras dos ediciones de crecimiento continuado, la Spanish Winter Championship afronta su tercera temporada.\" \/>\n<meta name=\"robots\" content=\"index, follow, max-snippet:-1, max-image-preview:large, max-video-preview:-1\" \/>\n<link rel=\"canonical\" href=\"https:\/\/spanishwinterchampionship.com\/es\/noticias\/spanish-winter-championship-presenta-el-calendario-2027-de-cara-a-su-tercera-temporada\/\" \/>\n<meta property=\"og:locale\" content=\"es_ES\" \/>\n<meta property=\"og:type\" content=\"article\" \/>\n<meta property=\"og:title\" content=\"Spanish Winter Championship Calendario 2027\" \/>\n<meta property=\"og:description\" content=\"Tras dos ediciones de crecimiento continuado, la Spanish Winter Championship afronta su tercera temporada.\" \/>\n<meta property=\"og:url\" content=\"https:\/\/spanishwinterchampionship.com\/es\/noticias\/spanish-winter-championship-presenta-el-calendario-2027-de-cara-a-su-tercera-temporada\/\" \/>\n<meta property=\"og:site_name\" content=\"spanish winter championship\" \/>\n<meta property=\"article:publisher\" content=\"https:\/\/www.facebook.com\/people\/Spanish-Winter-Championship\" \/>\n<meta property=\"article:modified_time\" content=\"2026-09-01T11:24:00+00:00\" \/>\n<meta property=\"og:image\" content=\"https:\/\/spanishwinterchampionship.com\/wp-content\/uploads\/sites\/2\/2026\/08\/SWC_Calendar-2027-Sitio-web-1.jpg\" \/>\n\t<meta property=\"og:image:width\" content=\"1366\" \/>\n\t<meta property=\"og:image:height\" content=\"768\" \/>\n\t<meta property=\"og:image:type\" content=\"image\/jpeg\" \/>\n<meta name=\"twitter:card\" content=\"summary_large_image\" \/>\n<meta name=\"twitter:label1\" content=\"Tiempo de lectura\" \/>\n\t<meta name=\"twitter:data1\" content=\"2 minutos\" \/>\n<script type=\"application\/ld+json\" class=\"yoast-schema-graph\">{\"@context\":\"https:\/\/schema.org\",\"@graph\":[{\"@type\":\"WebPage\",\"@id\":\"https:\/\/spanishwinterchampionship.com\/es\/noticias\/spanish-winter-championship-presenta-el-calendario-2027-de-cara-a-su-tercera-temporada\/\",\"url\":\"https:\/\/spanishwinterchampionship.com\/es\/noticias\/spanish-winter-championship-presenta-el-calendario-2027-de-cara-a-su-tercera-temporada\/\",\"name\":\"Spanish Winter Championship Calendario 2027\",\"isPartOf\":{\"@id\":\"https:\/\/spanishwinterchampionship.com\/es\/#website\"},\"primaryImageOfPage\":{\"@id\":\"https:\/\/spanishwinterchampionship.com\/es\/noticias\/spanish-winter-championship-presenta-el-calendario-2027-de-cara-a-su-tercera-temporada\/#primaryimage\"},\"image\":{\"@id\":\"https:\/\/spanishwinterchampionship.com\/es\/noticias\/spanish-winter-championship-presenta-el-calendario-2027-de-cara-a-su-tercera-temporada\/#primaryimage\"},\"thumbnailUrl\":\"https:\/\/spanishwinterchampionship.com\/wp-content\/uploads\/sites\/2\/2026\/08\/SWC_Calendar-2027-Sitio-web-1.jpg\",\"datePublished\":\"2026-09-01T11:23:59+00:00\",\"dateModified\":\"2026-09-01T11:24:00+00:00\",\"description\":\"Tras dos ediciones de crecimiento continuado, la Spanish Winter Championship afronta su tercera temporada.\",\"breadcrumb\":{\"@id\":\"https:\/\/spanishwinterchampionship.com\/es\/noticias\/spanish-winter-championship-presenta-el-calendario-2027-de-cara-a-su-tercera-temporada\/#breadcrumb\"},\"inLanguage\":\"es\",\"potentialAction\":[{\"@type\":\"ReadAction\",\"target\":[\"https:\/\/spanishwinterchampionship.com\/es\/noticias\/spanish-winter-championship-presenta-el-calendario-2027-de-cara-a-su-tercera-temporada\/\"]}]},{\"@type\":\"ImageObject\",\"inLanguage\":\"es\",\"@id\":\"https:\/\/spanishwinterchampionship.com\/es\/noticias\/spanish-winter-championship-presenta-el-calendario-2027-de-cara-a-su-tercera-temporada\/#primaryimage\",\"url\":\"https:\/\/spanishwinterchampionship.com\/wp-content\/uploads\/sites\/2\/2026\/08\/SWC_Calendar-2027-Sitio-web-1.jpg\",\"contentUrl\":\"https:\/\/spanishwinterchampionship.com\/wp-content\/uploads\/sites\/2\/2026\/08\/SWC_Calendar-2027-Sitio-web-1.jpg\",\"width\":1366,\"height\":768},{\"@type\":\"BreadcrumbList\",\"@id\":\"https:\/\/spanishwinterchampionship.com\/es\/noticias\/spanish-winter-championship-presenta-el-calendario-2027-de-cara-a-su-tercera-temporada\/#breadcrumb\",\"itemListElement\":[{\"@type\":\"ListItem\",\"position\":1,\"name\":\"Home\",\"item\":\"https:\/\/spanishwinterchampionship.com\/es\/\"},{\"@type\":\"ListItem\",\"position\":2,\"name\":\"News\",\"item\":\"https:\/\/spanishwinterchampionship.com\/es\/noticias\/\"},{\"@type\":\"ListItem\",\"position\":3,\"name\":\"Spanish Winter Championship presenta el calendario 2027 de cara a su tercera temporada\"}]},{\"@type\":\"WebSite\",\"@id\":\"https:\/\/spanishwinterchampionship.com\/es\/#website\",\"url\":\"https:\/\/spanishwinterchampionship.com\/es\/\",\"name\":\"spanish winter championship\",\"description\":\"\",\"publisher\":{\"@id\":\"https:\/\/spanishwinterchampionship.com\/es\/#organization\"},\"potentialAction\":[{\"@type\":\"SearchAction\",\"target\":{\"@type\":\"EntryPoint\",\"urlTemplate\":\"https:\/\/spanishwinterchampionship.com\/es\/?s={search_term_string}\"},\"query-input\":{\"@type\":\"PropertyValueSpecification\",\"valueRequired\":true,\"valueName\":\"search_term_string\"}}],\"inLanguage\":\"es\"},{\"@type\":\"Organization\",\"@id\":\"https:\/\/spanishwinterchampionship.com\/es\/#organization\",\"name\":\"spanish winter championship\",\"alternateName\":\"Epic championships Motorsport Association\",\"url\":\"https:\/\/spanishwinterchampionship.com\/es\/\",\"logo\":{\"@type\":\"ImageObject\",\"inLanguage\":\"es\",\"@id\":\"https:\/\/spanishwinterchampionship.com\/es\/#\/schema\/logo\/image\/\",\"url\":\"https:\/\/spanishwinterchampionship.com\/wp-content\/uploads\/sites\/2\/2025\/01\/main-logo.png\",\"contentUrl\":\"https:\/\/spanishwinterchampionship.com\/wp-content\/uploads\/sites\/2\/2025\/01\/main-logo.png\",\"width\":417,\"height\":101,\"caption\":\"spanish winter championship\"},\"image\":{\"@id\":\"https:\/\/spanishwinterchampionship.com\/es\/#\/schema\/logo\/image\/\"},\"sameAs\":[\"https:\/\/www.facebook.com\/people\/Spanish-Winter-Championship\",\"https:\/\/www.instagram.com\/swchofficial\/\"]}]}<\/script>\n<!-- \/ Yoast SEO plugin. -->","yoast_head_json":{"title":"Spanish Winter Championship Calendario 2027","description":"Tras dos ediciones de crecimiento continuado, la Spanish Winter Championship afronta su tercera temporada.","robots":{"index":"index","follow":"follow","max-snippet":"max-snippet:-1","max-image-preview":"max-image-preview:large","max-video-preview":"max-video-preview:-1"},"canonical":"https:\/\/spanishwinterchampionship.com\/es\/noticias\/spanish-winter-championship-presenta-el-calendario-2027-de-cara-a-su-tercera-temporada\/","og_locale":"es_ES","og_type":"article","og_title":"Spanish Winter Championship Calendario 2027","og_description":"Tras dos ediciones de crecimiento continuado, la Spanish Winter Championship afronta su tercera temporada.","og_url":"https:\/\/spanishwinterchampionship.com\/es\/noticias\/spanish-winter-championship-presenta-el-calendario-2027-de-cara-a-su-tercera-temporada\/","og_site_name":"spanish winter championship","article_publisher":"https:\/\/www.facebook.com\/people\/Spanish-Winter-Championship","article_modified_time":"2026-09-01T11:24:00+00:00","og_image":[{"width":1366,"height":768,"url":"https:\/\/spanishwinterchampionship.com\/wp-content\/uploads\/sites\/2\/2026\/08\/SWC_Calendar-2027-Sitio-web-1.jpg","type":"image\/jpeg"}],"twitter_card":"summary_large_image","twitter_misc":{"Tiempo de lectura":"2 minutos"},"schema":{"@context":"https:\/\/schema.org","@graph":[{"@type":"WebPage","@id":"https:\/\/spanishwinterchampionship.com\/es\/noticias\/spanish-winter-championship-presenta-el-calendario-2027-de-cara-a-su-tercera-temporada\/","url":"https:\/\/spanishwinterchampionship.com\/es\/noticias\/spanish-winter-championship-presenta-el-calendario-2027-de-cara-a-su-tercera-temporada\/","name":"Spanish Winter Championship Calendario 2027","isPartOf":{"@id":"https:\/\/spanishwinterchampionship.com\/es\/#website"},"primaryImageOfPage":{"@id":"https:\/\/spanishwinterchampionship.com\/es\/noticias\/spanish-winter-championship-presenta-el-calendario-2027-de-cara-a-su-tercera-temporada\/#primaryimage"},"image":{"@id":"https:\/\/spanishwinterchampionship.com\/es\/noticias\/spanish-winter-championship-presenta-el-calendario-2027-de-cara-a-su-tercera-temporada\/#primaryimage"},"thumbnailUrl":"https:\/\/spanishwinterchampionship.com\/wp-content\/uploads\/sites\/2\/2026\/08\/SWC_Calendar-2027-Sitio-web-1.jpg","datePublished":"2026-09-01T11:23:59+00:00","dateModified":"2026-09-01T11:24:00+00:00","description":"Tras dos ediciones de crecimiento continuado, la Spanish Winter Championship afronta su tercera temporada.","breadcrumb":{"@id":"https:\/\/spanishwinterchampionship.com\/es\/noticias\/spanish-winter-championship-presenta-el-calendario-2027-de-cara-a-su-tercera-temporada\/#breadcrumb"},"inLanguage":"es","potentialAction":[{"@type":"ReadAction","target":["https:\/\/spanishwinterchampionship.com\/es\/noticias\/spanish-winter-championship-presenta-el-calendario-2027-de-cara-a-su-tercera-temporada\/"]}]},{"@type":"ImageObject","inLanguage":"es","@id":"https:\/\/spanishwinterchampionship.com\/es\/noticias\/spanish-winter-championship-presenta-el-calendario-2027-de-cara-a-su-tercera-temporada\/#primaryimage","url":"https:\/\/spanishwinterchampionship.com\/wp-content\/uploads\/sites\/2\/2026\/08\/SWC_Calendar-2027-Sitio-web-1.jpg","contentUrl":"https:\/\/spanishwinterchampionship.com\/wp-content\/uploads\/sites\/2\/2026\/08\/SWC_Calendar-2027-Sitio-web-1.jpg","width":1366,"height":768},{"@type":"BreadcrumbList","@id":"https:\/\/spanishwinterchampionship.com\/es\/noticias\/spanish-winter-championship-presenta-el-calendario-2027-de-cara-a-su-tercera-temporada\/#breadcrumb","itemListElement":[{"@type":"ListItem","position":1,"name":"Home","item":"https:\/\/spanishwinterchampionship.com\/es\/"},{"@type":"ListItem","position":2,"name":"News","item":"https:\/\/spanishwinterchampionship.com\/es\/noticias\/"},{"@type":"ListItem","position":3,"name":"Spanish Winter Championship presenta el calendario 2027 de cara a su tercera temporada"}]},{"@type":"WebSite","@id":"https:\/\/spanishwinterchampionship.com\/es\/#website","url":"https:\/\/spanishwinterchampionship.com\/es\/","name":"spanish winter championship","description":"","publisher":{"@id":"https:\/\/spanishwinterchampionship.com\/es\/#organization"},"potentialAction":[{"@type":"SearchAction","target":{"@type":"EntryPoint","urlTemplate":"https:\/\/spanishwinterchampionship.com\/es\/?s={search_term_string}"},"query-input":{"@type":"PropertyValueSpecification","valueRequired":true,"valueName":"search_term_string"}}],"inLanguage":"es"},{"@type":"Organization","@id":"https:\/\/spanishwinterchampionship.com\/es\/#organization","name":"spanish winter championship","alternateName":"Epic championships Motorsport Association","url":"https:\/\/spanishwinterchampionship.com\/es\/","logo":{"@type":"ImageObject","inLanguage":"es","@id":"https:\/\/spanishwinterchampionship.com\/es\/#\/schema\/logo\/image\/","url":"https:\/\/spanishwinterchampionship.com\/wp-content\/uploads\/sites\/2\/2025\/01\/main-logo.png","contentUrl":"https:\/\/spanishwinterchampionship.com\/wp-content\/uploads\/sites\/2\/2025\/01\/main-logo.png","width":417,"height":101,"caption":"spanish winter championship"},"image":{"@id":"https:\/\/spanishwinterchampionship.com\/es\/#\/schema\/logo\/image\/"},"sameAs":["https:\/\/www.facebook.com\/people\/Spanish-Winter-Championship","https:\/\/www.instagram.com\/swchofficial\/"]}]}},"_links":{"self":[{"href":"https:\/\/spanishwinterchampionship.com\/es\/wp-json\/wp\/v2\/newsarticle\/1570","targetHints":{"allow":["GET"]}}],"collection":[{"href":"https:\/\/spanishwinterchampionship.com\/es\/wp-json\/wp\/v2\/newsarticle"}],"about":[{"href":"https:\/\/spanishwinterchampionship.com\/es\/wp-json\/wp\/v2\/types\/newsarticle"}],"wp:featuredmedia":[{"embeddable":true,"href":"https:\/\/spanishwinterchampionship.com\/es\/wp-json\/wp\/v2\/media\/1551"}],"wp:attachment":[{"href":"https:\/\/spanishwinterchampionship.com\/es\/wp-json\/wp\/v2\/media?parent=1570"}],"wp:term":[{"taxonomy":"category","embeddable":true,"href":"https:\/\/spanishwinterchampionship.com\/es\/wp-json\/wp\/v2\/categories?post=1570"},{"taxonomy":"post_tag","embeddable":true,"href":"https:\/\/spanishwinterchampionship.com\/es\/wp-json\/wp\/v2\/tags?post=1570"},{"taxonomy":"season","embeddable":true,"href":"https:\/\/spanishwinterchampionship.com\/es\/wp-json\/wp\/v2\/season?post=1570"}],"curies":[{"name":"wp","href":"https:\/\/api.w.org\/{rel}","templated":true}]}}